{"id":10341,"date":"2022-01-04T13:02:17","date_gmt":"2022-01-04T12:02:17","guid":{"rendered":"https:\/\/wp-dev-2.beesafe.pl\/?p=10341"},"modified":"2025-07-17T15:17:42","modified_gmt":"2025-07-17T14:17:42","slug":"od-kiedy-dziecko-moze-jezdzic-z-przodu","status":"publish","type":"post","link":"https:\/\/beesafe.pl\/porady\/od-kiedy-dziecko-moze-jezdzic-z-przodu\/","title":{"rendered":"Od kiedy dziecko mo\u017ce je\u017adzi\u0107 z przodu"},"content":{"rendered":"\n<p><strong>Jazda na przednim siedzeniu czy bez fotelika to nie lada atrakcja dla dziecka. Niestety, nie jest to rozwi\u0105zanie bezpieczne. Jakie przepisy obowi\u0105zuj\u0105 w zakresie przewo\u017cenia dzieci? Od kiedy dziecko mo\u017ce je\u017adzi\u0107 z przodu? O tym piszemy w naszym poradniku.&nbsp; <\/strong><\/p>\n\n\n\n<p><span style=\"font-weight: 400;\">\n    <section class=\"space-section-blog\">\n        <div class=\"featured-content featured-content--bg-blue\">\n            <span class=\"featured-content__icon-play-audio\"><\/span>\n            <div class=\"d-xl-flex d-block align-items-center justify-content-between featured-content__box\">\n                <div>\n                    <span class=\"featured-content--xl-size text text--weight-semi-bold text--color-secundary d-block\">\n                        Uzupe\u0142nij tylko 2 pola i poznaj cen\u0119 OC\/AC od razu!\n                    <\/span>\n\n                <\/div>\n                <a class=\"button button--primary text text--reset-anchor text--color-tertiary text--size-primari featured-content__button mt-xl-0 mt-5 d-block\" href=\"https:\/\/beesafe.pl\/kalkulator-oc-ac\/?rel=zajawka\">\n                    Poznaj cen\u0119 OC\/AC\n                <\/a>\n            <\/div>\n        <\/div>\n    <\/section><\/span><\/p>\n\n\n\n<p>Bezpieczne <a href=\"https:\/\/beesafe.pl\/porady\/wozenie-dziecka-z-przodu\/\">przewo\u017cenie dzieci samochodem<\/a> to priorytet ka\u017cdego rodzica&#8230; i ustawodawcy. Przepisy nie pozostawiaj\u0105 z\u0142udze\u0144. Zgodnie z Prawem o ruchu drogowym najm\u0142odsi pasa\u017cerowie, kt\u00f3rzy maj\u0105 mniej ni\u017c 150 cm wzrostu bez wzgl\u0119du na wiek powinni podr\u00f3\u017cowa\u0107 w fotelikach. Kodeks dok\u0142adnie okre\u015bla te\u017c, kiedy dziecko mo\u017ce je\u017adzi\u0107 bezpiecznie z przodu i bez ryzyka, \u017ce kierowca dostanie za to mandat.<\/p>\n\n\n\n<h2 class=\"wp-block-heading\"><strong>Od kiedy dziecko mo\u017ce je\u017adzi\u0107 z przodu?<\/strong><\/h2>\n\n\n\n<p>Jazda z dzieckiem na przednim siedzeniu dla malucha mo\u017ce by\u0107 niez\u0142\u0105 frajd\u0105, a dla rodzica do\u015b\u0107 wygodnym sposobem na podr\u00f3\u017c. Kiedy dziecko mo\u017ce je\u017adzi\u0107 z przodu, ca\u0142y czas jest na oku doros\u0142ego. Tylko kiedy tak mo\u017cna zrobi\u0107? By\u0107 mo\u017ce dla niekt\u00f3rych b\u0119dzie to zaskoczeniem, ale prawo nie zabrania przewo\u017cenia dzieci na przednim siedzeniu samochodu. Ale pod pewnymi warunkami.<\/p>\n\n\n\n<p>Obowi\u0105zkowy jest fotelik. Je\u015bli dziecko ma mniej ni\u017c 150 cm wzrostu, z przodu mo\u017ce podr\u00f3\u017cowa\u0107 tylko w atestowanym foteliku lub innym dopuszczalnym urz\u0105dzeniu podtrzymuj\u0105cym. Fotelik samochodowy mo\u017ce by\u0107 zamontowany przodem lub ty\u0142em do kierunku jazdy. Dziecko w foteliku z przodu a poduszka powietrzna &#8211; je\u015bli wybierzemy opcj\u0119 ty\u0142em, bezwzgl\u0119dnie nale\u017cy od\u0142\u0105czy\u0107 poduszk\u0119 powietrzn\u0105. Sk\u0105d taka zasada? Chodzi o bezpiecze\u0144stwo. W momencie zderzenia si\u0142a wybuchu poduszki bezpiecze\u0144stwa mo\u017ce doprowadzi\u0107 do nieodwracalnych uszkodze\u0144 w obr\u0119bie kr\u0119gos\u0142upa, g\u0142owy i narz\u0105d\u00f3w wewn\u0119trznych dziecka. W skrajnej sytuacji wybuch poduszki mo\u017ce zgnie\u015b\u0107 fotelik.<\/p>\n\n\n\n<p><span style=\"font-weight: 400;\">\n    <section class=\"space-section-blog\">\n        <div class=\"featured-content featured-content--bg-grey\">\n            <div class=\"align-items-center featured-content__box\">\n                <div>\n                    <span class=\"featured-content__icon-rounded-arrow me-3\"><\/span>\n                <\/div>\n                <span class=\"text text--weight-semi-bold text--size-primari\">\n                    Uwaga: Od ilu lat mo\u017cna je\u017adzi\u0107 z przodu? Wiek nie ma znaczenia dla tego, od kiedy dziecko mo\u017ce siedzie\u0107 z przodu samochodu. Niemniej eksperci s\u0105 zgodni, \u017ce najbezpieczniejsz\u0105 opcj\u0105 jest przewo\u017cenie ma\u0142ych pasa\u017cer\u00f3w na tylnym siedzeniu.&nbsp;\n                <\/span>\n            <\/div>\n        <\/div>\n    <\/section><\/span><\/p>\n\n\n\n<h2 class=\"wp-block-heading\">Czy przewo\u017cenie dziecka z przodu jest bezpieczne?<\/h2>\n\n\n\n<p>Przewo\u017cenie dziecka na przednim siedzeniu, cho\u0107 dozwolone w pewnych okoliczno\u015bciach, niesie ze sob\u0105 zwi\u0119kszone ryzyko wypadku. Najwa\u017cniejszym czynnikiem wp\u0142ywaj\u0105cym na bezpiecze\u0144stwo dziecka na przednim siedzeniu jest obecno\u015b\u0107 poduszki powietrznej. Dziecko, zw\u0142aszcza przewo\u017cone w foteliku ty\u0142em do kierunku jazdy, mo\u017ce by\u0107 powa\u017cnie nara\u017cone na obra\u017cenia, je\u015bli poduszka powietrzna zostanie uruchomiona w przypadku kolizji. Si\u0142a wybuchu poduszki powietrznej jest znaczna i mo\u017ce spowodowa\u0107 powa\u017cne obra\u017cenia g\u0142owy lub szyi u dziecka.<\/p>\n\n\n\n<p>Z tego powodu w wi\u0119kszo\u015bci samochod\u00f3w istnieje mo\u017cliwo\u015b\u0107 wy\u0142\u0105czenia poduszki powietrznej po stronie pasa\u017cera, kiedy dziecko jest przewo\u017cone z przodu. Zawsze warto jednak rozwa\u017cy\u0107, czy mo\u017cliwe jest umieszczenie dziecka na tylnych siedzeniach, kt\u00f3re statystycznie s\u0105 bezpieczniejsze.<\/p>\n\n\n\n<h2 class=\"wp-block-heading\">Jak wy\u0142\u0105czy\u0107 poduszk\u0119 powietrzn\u0105?<\/h2>\n\n\n\n<p>Je\u015bli dziecko ma podr\u00f3\u017cowa\u0107 na przednim siedzeniu, a samoch\u00f3d posiada aktywn\u0105 poduszk\u0119 powietrzn\u0105, konieczne jest jej wy\u0142\u0105czenie. W wi\u0119kszo\u015bci wsp\u00f3\u0142czesnych samochod\u00f3w funkcja wy\u0142\u0105czenia poduszki powietrznej znajduje si\u0119 w schowku przed pasa\u017cerem lub na desce rozdzielczej. Mo\u017ce by\u0107 obs\u0142ugiwana za pomoc\u0105 kluczyka lub specjalnego przycisku, kt\u00f3ry nale\u017cy prze\u0142\u0105czy\u0107 w tryb &#8222;off&#8221;. Instrukcja obs\u0142ugi samochodu zawiera dok\u0142adne informacje na ten temat.<\/p>\n\n\n\n<p>W nowszych modelach samochod\u00f3w systemy bezpiecze\u0144stwa mog\u0105 automatycznie wy\u0142\u0105czy\u0107 poduszk\u0119 powietrzn\u0105, gdy wykryj\u0105 obecno\u015b\u0107 fotelika samochodowego montowanego ty\u0142em do kierunku jazdy. Warto jednak upewni\u0107 si\u0119, \u017ce taki system dzia\u0142a poprawnie, sprawdzaj\u0105c informacje w instrukcji pojazdu.<\/p>\n\n\n\n<h2 class=\"wp-block-heading\">Wyj\u0105tki od przepis\u00f3w<\/h2>\n\n\n\n<p>Przepisy przewiduj\u0105 pewne wyj\u0105tki, w kt\u00f3rych dziecko mo\u017ce by\u0107 przewo\u017cone na przednim siedzeniu, nawet je\u015bli nie spe\u0142nia jeszcze odpowiednich kryteri\u00f3w wieku lub wzrostu. Przyk\u0142adem mo\u017ce by\u0107 sytuacja, w kt\u00f3rej pojazd nie jest wyposa\u017cony w tylne siedzenia (np. w samochodach dostawczych lub sportowych), albo tylne siedzenia s\u0105 zaj\u0119te przez inne dzieci w odpowiednich fotelikach.<\/p>\n\n\n\n<p>W takich przypadkach dziecko powinno by\u0107 przewo\u017cone w odpowiednim foteliku dostosowanym do jego wzrostu i wagi, a poduszka powietrzna musi by\u0107 wy\u0142\u0105czona, je\u015bli fotelik jest montowany ty\u0142em do kierunku jazdy.<\/p>\n\n\n\n<h2 class=\"wp-block-heading\"><strong>Jaki fotelik na przednie siedzenie?<\/strong><\/h2>\n\n\n\n<p>Pierwsz\u0105 zasad\u0105 przy wyborze fotelika, czy to do przodu czy do ty\u0142u samochodu, s\u0105 certyfikaty: ECE R44-03 lub ECE R44-04.&nbsp;Drug\u0105 spraw\u0105 jest dobranie fotelika do wzrostu i wagi dziecka. Warto te\u017c sprawdzi\u0107 spos\u00f3b montowania. Do wyboru s\u0105 dwie opcje: mocowanie za pomoc\u0105 pas\u00f3w lub systemu isofix. Pami\u0119tajmy, \u017ce starsze, wyprodukowane przed 2005 rokiem modele aut nie maj\u0105 systemu isofix.<\/p>\n\n\n\n<p>Na co jeszcze zwr\u00f3ci\u0107 uwag\u0119 przy wyborze fotelika na przednie siedzenie? Na typ tych urz\u0105dze\u0144 \u2013 czy montowane s\u0105 przodem czy ty\u0142em do kierunku jazdy. Ze wzgl\u0119d\u00f3w bezpiecze\u0144stwa producenci zalecaj\u0105 monta\u017c fotelika ty\u0142em do kierunku jazdy. Takie modele lepiej chroni\u0105 przed urazami g\u0142owy i g\u00f3rnej cz\u0119\u015bci kr\u0119gos\u0142upa. O co dok\u0142adnie chodzi?<\/p>\n\n\n\n<p>Cia\u0142o dziecka w samochodzie w miejscu utrzymuj\u0105 przede wszystkim pasy, chroni\u0105c je podczas zderzenia. Niezabezpieczona jest jednak g\u0142owa ma\u0142ego pasa\u017cera. W przypadku zderzenia czo\u0142owego na g\u0142owie i kr\u0119gach szyjnych dziecka skupi si\u0119 si\u0142a uderzenia. Dlatego pozycja ty\u0142em do kierunku jazdy zapewnia wi\u0119ksz\u0105 ochron\u0119 i bezpiecze\u0144stwo malucha, bo plecy fotelika b\u0119d\u0105 naturaln\u0105 podpor\u0105 dla g\u00f3rnej cz\u0119\u015bci cia\u0142a ma\u0142ego pasa\u017cera.<\/p>\n\n\n\n<p><span style=\"font-weight: 400;\">\n    <section class=\"space-section-blog\">\n        <div class=\"featured-content featured-content--bg-grey\">\n            <div class=\"align-items-center featured-content__box\">\n                <div>\n                    <span class=\"featured-content__icon-rounded-arrow me-3\"><\/span>\n                <\/div>\n                <span class=\"text text--weight-semi-bold text--size-primari\">\n                    Wa\u017cne: dop\u00f3ki to mo\u017cliwe tak\u017ce na tylnej kanapie samochodu powinni\u015bmy przewozi\u0107 dzieci ty\u0142em do kierunku jazdy.&nbsp; Foteliki z grupy \u201e0\u201d (dla dzieci o wadze do 10 kg) powinny by\u0107 montowane tylko ty\u0142em do kierunku jazdy.\n                <\/span>\n            <\/div>\n        <\/div>\n    <\/section><\/span><\/p>\n\n\n\n<h2 class=\"wp-block-heading\"><strong>Gdzie najbezpieczniej przewozi\u0107 dziecko w samochodzie?<\/strong><\/h2>\n\n\n\n<p>Nawet kiedy dziecko mo\u017ce je\u017adzi\u0107 z przodu samochodu eksperci s\u0105 zgodni, \u017ce znacznie bezpieczniejsza dla niego b\u0119dzie tylna kanapa, a dok\u0142adnie jej \u015brodek. W takiej pozycji mo\u017cna zamontowa\u0107 fotelik wtedy, gdy samoch\u00f3d ma trzypunktowe pasy bezpiecze\u0144stwa i system isofix. Gdy auto nie ma takiego wyposa\u017cenia, opcj\u0105 b\u0119dzie miejsce na tylnej kanapie za siedzeniem pasa\u017cera.<\/p>\n\n\n\n<p>Dlaczego nie zaleca si\u0119 miejsca za kierowc\u0105? Znowu chodzi o bezpiecze\u0144stwo &#8211; statystycznie cz\u0119\u015bciej dochodzi do uderze\u0144 w lewy bok samochodu. Na \u015brodku i z prawej strony kanapy jako kierowca mo\u017cna mie\u0107 te\u017c lepszy kontakt wzrokowy z maluchem, co dla cz\u0119\u015bci rodzic\u00f3w jest istotne.<\/p>\n\n\n\n<h2 class=\"wp-block-heading\"><strong>Kiedy mo\u017cna zrezygnowa\u0107 z fotelika? Od kiedy dziecko mo\u017ce je\u017adzi\u0107 bez podstawki?<\/strong><\/h2>\n\n\n\n<p>Jak ju\u017c wspominali\u015bmy, nie ma ustawowych limit\u00f3w wieku, do kt\u00f3rego nale\u017cy wozi\u0107 dziecko w foteliku. Granic\u0119 wyznacza wzrost pociechy, a konkretnie 150 cm. S\u0105 jednak wyj\u0105tki od tej regu\u0142y.<\/p>\n\n\n\n<ul class=\"wp-block-list\">\n<li>Je\u015bli na tylnej kanapie jedzie tr\u00f3jka dzieci, a w samochodzie mo\u017cna zamontowa\u0107 tylko dwa foteliki, jedno z dzieci (siedz\u0105ce po\u015brodku) mo\u017ce podr\u00f3\u017cowa\u0107 bez urz\u0105dzenia przytrzymuj\u0105cego.<\/li>\n\n\n\n<li>Je\u015bli dziecko ma minimum 135 cm i wa\u017cy wi\u0119cej ni\u017c dopuszcza specyfikacja fotelika, wtedy te\u017c mo\u017cna zrezygnowa\u0107 z fotelika.<\/li>\n\n\n\n<li>Je\u015bli opiekun dziecka ma za\u015bwiadczenie lekarskie, \u017ce m\u0142ody pasa\u017cer nie mo\u017ce je\u017adzi\u0107 w foteliku ze wzgl\u0119d\u00f3w zdrowotnych, tak\u017ce wtedy urz\u0105dzenie podtrzymuj\u0105ce nie b\u0119dzie wymagane podczas kontroli drogowej.<\/li>\n\n\n\n<li>Bez fotelika dziecko mo\u017ce te\u017c je\u017adzi\u0107 okre\u015blonymi pojazdami: taks\u00f3wkami, autobusami, autokarami, pojazdami policji, stra\u017cy granicznej i tymi, kt\u00f3re nale\u017c\u0105 do transportu sanitarnego (np. karetki).<\/li>\n<\/ul>\n\n\n\n<p>Je\u015bli dziecko jedzie bez fotelika, musi by\u0107 przypi\u0119te pasami bezpiecze\u0144stwa. Wyj\u0105tkiem s\u0105 autobusy i autokary, kt\u00f3re nie maj\u0105 pas\u00f3w.<\/p>\n\n\n\n<p><span style=\"font-weight: 400;\">\n    <section class=\"space-section-blog\">\n        <div class=\"featured-content featured-content--bg-grey\">\n            <div class=\"align-items-center featured-content__box\">\n                <div>\n                    <span class=\"featured-content__icon-rounded-arrow me-3\"><\/span>\n                <\/div>\n                <span class=\"text text--weight-semi-bold text--size-primari\">\n                    Pami\u0119taj: podstawka do przewo\u017cenia dzieci, mimo \u017ce ta\u0144sza i wygodniejsza od fotelika, nie jest dobrym zamiennikiem. Nie zabezpiecza ona g\u00f3rnej cz\u0119\u015bci cia\u0142a pasa\u017cera oraz jego bok\u00f3w. Jest te\u017c niestabilna (przesuwa si\u0119 po kanapie)\n                <\/span>\n            <\/div>\n        <\/div>\n    <\/section><\/span><\/p>\n\n\n\n<h2 class=\"wp-block-heading\"><strong>Jakie kary za nieprawid\u0142owe przewo\u017cenie dzieci?<\/strong><\/h2>\n\n\n\n<p>Kary za nieprawid\u0142owe przewo\u017cenie dzieci mog\u0105 by\u0107 dotkliwe. Je\u015bli dziecko nie siedzi w foteliku lub jest on nieprawid\u0142owo zamontowany, zap\u0142acimy 150 z\u0142 mandatu. Za takie wykroczenie mo\u017cemy te\u017c dosta\u0107 6 punkt\u00f3w karnych. Z podobn\u0105 kar\u0105 trzeba si\u0119 liczy\u0107, kiedy dziecko mo\u017ce jecha\u0107 z przodu, ale nie wy\u0142\u0105czyli\u015bmy poduszki bezpiecze\u0144stwa w opcji fotelika ustawionego ty\u0142em do kierunku jazdy.<\/p>\n\n\n\n<h2 class=\"wp-block-heading\">Najcz\u0119stsze pytania i odpowiedzi<\/h2>\n\n\n\n<h3 class=\"wp-block-heading\"><strong>Czy dziecko w foteliku ty\u0142em do kierunku jazdy mo\u017ce jecha\u0107 z przodu?<\/strong><\/h3>\n\n\n\n<p>Tak, dziecko mo\u017ce by\u0107 przewo\u017cone w foteliku ty\u0142em do kierunku jazdy na przednim siedzeniu, ale pod warunkiem, \u017ce poduszka powietrzna pasa\u017cera jest wy\u0142\u0105czona. Aktywna poduszka powietrzna stanowi powa\u017cne zagro\u017cenie dla dziecka przewo\u017conego ty\u0142em, dlatego jej wy\u0142\u0105czenie jest obowi\u0105zkowe w takiej sytuacji.<\/p>\n\n\n\n<h3 class=\"wp-block-heading\"><strong>Od jakiego wieku dziecko mo\u017ce by\u0107 przewo\u017cone bez fotelika?<\/strong><\/h3>\n\n\n\n<p>Zgodnie z przepisami, dziecko mo\u017ce by\u0107 przewo\u017cone bez fotelika, gdy osi\u0105gnie wzrost co najmniej 150 cm. Do tego momentu obowi\u0105zuje wym\u00f3g przewo\u017cenia dziecka w odpowiednim foteliku samochodowym lub na podk\u0142adce, zale\u017cnie od jego wieku i wagi.<\/p>\n\n\n\n<h3 class=\"wp-block-heading\"><strong>Czy mo\u017cna przewozi\u0107 dziecko na przednim siedzeniu, je\u015bli poduszka powietrzna nie jest wy\u0142\u0105czona?<\/strong><\/h3>\n\n\n\n<p>Nie, nie jest bezpieczne przewo\u017cenie dziecka na przednim siedzeniu, je\u015bli poduszka powietrzna nie zosta\u0142a wy\u0142\u0105czona. Szczeg\u00f3lnie niebezpieczne jest to w przypadku dzieci w fotelikach montowanych ty\u0142em do kierunku jazdy, gdy\u017c w razie wypadku poduszka mo\u017ce spowodowa\u0107 powa\u017cne obra\u017cenia.<\/p>\n\n\n\n<p><strong>PODSUMOWANIE:<\/strong><\/p>\n\n\n\n<ul class=\"wp-block-list\">\n<li>Zasady przewozu najm\u0142odszych pasa\u017cer\u00f3w, w tym regu\u0142y, kiedy dziecko mo\u017ce je\u017adzi\u0107 z przodu, zapisane s\u0105 w Kodeksie drogowym.<\/li>\n\n\n\n<li>Najm\u0142odsi pasa\u017cerowi musz\u0105 je\u017adzi\u0107 w fotelikach, je\u015bli maj\u0105 mniej ni\u017c 150 cm wzrostu.<\/li>\n\n\n\n<li>Z przodu tak\u017ce mo\u017cna przewozi\u0107 dzieci w fotelikach, kt\u00f3re zamontowane s\u0105 przodem lub ty\u0142em do kierunku jazdy.<\/li>\n\n\n\n<li>W przypadku jazdy dziecka w foteliku ty\u0142em do kierunku jazdy na przednim siedzeniu, nale\u017cy wy\u0142\u0105czy\u0107 poduszki bezpiecze\u0144stwa dla siedzenia pasa\u017cera.<\/li>\n\n\n\n<li>Za nieprawid\u0142owe przewo\u017cenie dzieci samochodem grozi mandat w wysoki 150 z\u0142otych.<\/li>\n\n\n\n<li>Potrzebujesz fotelika z ubezpieczeniem? Kliknij w link i przeczytaj wi\u0119cej na ten temat!<\/li>\n<\/ul>\n\n\n\n<p class=\"has-text-align-center\">\n    <section class=\"space-section-blog\">\n        <div class=\"d-flex justify-content-center post_button\">\n            <a class=\"button button--primary text text--reset-anchor text--color-tertiary text--size-primari text--weight-semi-bold post_button__link\" href=\"https:\/\/beesafe.pl\/kalkulator-oc-ac\/?rel=button\" target=\"_blank\">\n                Sprawd\u017a najszybszy kalkulator OC\n            <\/a>\n        <\/div>\n    <\/section><\/p>\n","protected":false},"excerpt":{"rendered":"<p>Jazda na przednim siedzeniu czy bez fotelika to nie lada atrakcja dla dziecka. Niestety, nie jest to rozwi\u0105zanie bezpieczne. Jakie przepisy obowi\u0105zuj\u0105 w zakresie przewo\u017cenia dzieci? Od kiedy dziecko mo\u017ce je\u017adzi\u0107 z przodu? O tym piszemy w naszym poradniku.&nbsp; Bezpieczne przewo\u017cenie dzieci samochodem to priorytet ka\u017cdego rodzica&#8230; i ustawodawcy. Przepisy nie pozostawiaj\u0105 z\u0142udze\u0144. Zgodnie z [&hellip;]<\/p>\n","protected":false},"author":8,"featured_media":10343,"comment_status":"open","ping_status":"closed","sticky":false,"template":"","format":"standard","meta":{"_acf_changed":false,"inline_featured_image":false,"footnotes":""},"categories":[2],"tags":[75],"class_list":["post-10341","post","type-post","status-publish","format-standard","has-post-thumbnail","hentry","category-pojazd","tag-dziecko-w-samochodzie"],"acf":[],"_links":{"self":[{"href":"https:\/\/beesafe.pl\/porady\/wp-json\/wp\/v2\/posts\/10341","targetHints":{"allow":["GET"]}}],"collection":[{"href":"https:\/\/beesafe.pl\/porady\/wp-json\/wp\/v2\/posts"}],"about":[{"href":"https:\/\/beesafe.pl\/porady\/wp-json\/wp\/v2\/types\/post"}],"author":[{"embeddable":true,"href":"https:\/\/beesafe.pl\/porady\/wp-json\/wp\/v2\/users\/8"}],"replies":[{"embeddable":true,"href":"https:\/\/beesafe.pl\/porady\/wp-json\/wp\/v2\/comments?post=10341"}],"version-history":[{"count":1,"href":"https:\/\/beesafe.pl\/porady\/wp-json\/wp\/v2\/posts\/10341\/revisions"}],"predecessor-version":[{"id":17384,"href":"https:\/\/beesafe.pl\/porady\/wp-json\/wp\/v2\/posts\/10341\/revisions\/17384"}],"wp:featuredmedia":[{"embeddable":true,"href":"https:\/\/beesafe.pl\/porady\/wp-json\/wp\/v2\/media\/10343"}],"wp:attachment":[{"href":"https:\/\/beesafe.pl\/porady\/wp-json\/wp\/v2\/media?parent=10341"}],"wp:term":[{"taxonomy":"category","embeddable":true,"href":"https:\/\/beesafe.pl\/porady\/wp-json\/wp\/v2\/categories?post=10341"},{"taxonomy":"post_tag","embeddable":true,"href":"https:\/\/beesafe.pl\/porady\/wp-json\/wp\/v2\/tags?post=10341"}],"curies":[{"name":"wp","href":"https:\/\/api.w.org\/{rel}","templated":true}]}}