{"id":10774,"date":"2022-02-25T11:14:54","date_gmt":"2022-02-25T10:14:54","guid":{"rendered":"https:\/\/wp-dev-2.beesafe.pl\/?p=10774"},"modified":"2025-07-17T15:23:49","modified_gmt":"2025-07-17T14:23:49","slug":"z-czym-wiaze-sie-eco-transport","status":"publish","type":"post","link":"https:\/\/beesafe.pl\/porady\/z-czym-wiaze-sie-eco-transport\/","title":{"rendered":"Z czym wi\u0105\u017ce si\u0119 eco transport? Czy decyduj\u0105c si\u0119 na zakup samochodu wystarczy wybranie elektryka?"},"content":{"rendered":"<p><strong>Emisj\u0119 gaz\u00f3w cieplarnianych mo\u017cemy z grubsza podzieli\u0107 na te, kt\u00f3re powstaj\u0105 samoistnie naszej planecie oraz te, do kt\u00f3rych powstania przyczyni\u0142 si\u0119 cz\u0142owiek. W ramach dzia\u0142a\u0144 cz\u0142owieka mo\u017cemy wyr\u00f3\u017cni\u0107: spalanie paliw kopalnianych, hodowl\u0119 byd\u0142a oraz na przyk\u0142ad stosowanie nawoz\u00f3w sztucznych. <\/strong><\/p>\n<p><strong><span style=\"font-weight: 400;\">\n    <section class=\"space-section-blog\">\n        <div class=\"featured-content featured-content--bg-blue\">\n            <span class=\"featured-content__icon-play-audio\"><\/span>\n            <div class=\"d-xl-flex d-block align-items-center justify-content-between featured-content__box\">\n                <div>\n                    <span class=\"featured-content--xl-size text text--weight-semi-bold text--color-secundary d-block\">\n                        Uzupe\u0142nij tylko 2 pola i poznaj cen\u0119 OC\/AC od razu!\n                    <\/span>\n\n                <\/div>\n                <a class=\"button button--primary text text--reset-anchor text--color-tertiary text--size-primari featured-content__button mt-xl-0 mt-5 d-block\" href=\"https:\/\/beesafe.pl\/kalkulator-oc-ac\/?rel=zajawka\">\n                    Poznaj cen\u0119 OC\/AC\n                <\/a>\n            <\/div>\n        <\/div>\n    <\/section><\/span><\/strong><\/p>\n<p>W przypadku samochod\u00f3w osobowych m\u00f3wi\u0105c o ca\u0142kowitym \u015bladzie w\u0119glowym nale\u017cy bra\u0107 pod uwag\u0119 nie tylko to, ile jak spala nasz samoch\u00f3d, ale r\u00f3wnie\u017c spos\u00f3b jego transportu do miejsca sprzeda\u017cy, materia\u0142\u00f3w, z kt\u00f3rych powsta\u0142 oraz eksploatacj\u0119 i, co r\u00f3wnie wa\u017cne, utylizacj\u0119 auta. Nie jest wi\u0119c to tylko jeden element, kt\u00f3ry mo\u017cemy przeliczy\u0107 niejako miesi\u0119cznie w naszym bud\u017cecie, ale ca\u0142y szereg czynno\u015bci i dzia\u0142a\u0144, kt\u00f3re niezb\u0119dne s\u0105 do powstania naszego pojazdu. Dlatego te\u017c przy samochodach, kt\u00f3re s\u0105 elektryczne nie bierzemy pod uwag\u0119 paliwa spalanego w silniku, a do ca\u0142kowitego \u015bladu w\u0119glowego naliczamy wszystkie te emisje, kt\u00f3re powstaj\u0105 na okoliczno\u015b\u0107 \u0142adowania samochodu.<\/p>\n<h2><strong>Jakie s\u0105 elementy sk\u0142adowe ca\u0142kowitego \u015bladu w\u0119glowego?<\/strong><\/h2>\n<ol>\n<li>Naliczenie \u015bladu w\u0119glowego za stworzenie pojazdu.<\/li>\n<li>Wydobycie paliwa oraz jego transport do miejsca sprzeda\u017cy i naszego zakupu.<\/li>\n<li>Stworzenie infrastruktury, po kt\u00f3rej poruszaj\u0105 si\u0119 pojazdy mechaniczne.<\/li>\n<li>Codzienne korzystanie z auta, a nast\u0119pnie jego utylizacja.<\/li>\n<li>Spalanie paliwa w silniku lub w przypadku samochod\u00f3w elektrycznych, obliczenie emisji zwi\u0105zanej z wytwarzaniem energii elektrycznej.<\/li>\n<\/ol>\n<p>Naturalnie, poszczeg\u00f3lne kraje bardzo r\u00f3\u017cni\u0105 si\u0119 infrastruktur\u0105 drogow\u0105, a tak\u017ce tym, w jaki spos\u00f3b funkcjonuje na przyk\u0142ad w du\u017cych miastach transport zbiorowy. Du\u017ce znaczenie maj\u0105 zatem codzienne decyzje, kt\u00f3re podejmujemy.<\/p>\n<p><span style=\"font-weight: 400;\">\n    <section class=\"space-section-blog\">\n        <div class=\"featured-content featured-content--bg-grey\">\n            <div class=\"align-items-center featured-content__box\">\n                <div>\n                    <span class=\"featured-content__icon-rounded-arrow me-3\"><\/span>\n                <\/div>\n                <span class=\"text text--weight-semi-bold text--size-primari\">\n                    Zwa\u017cywszy na to, \u017ce emisj\u0119 zwi\u0105zane z transportem og\u00f3lnie to a\u017c 24% wszystkich gaz\u00f3w cieplarnianych w Polsce, a a\u017c 2\/3 z nich wytwarzana jest w ramach transportu pasa\u017cer\u00f3w, mamy szans\u0119 na redukcja ca\u0142kowitego \u015bladu w\u0119glowego zwi\u0105zanego z naszym i sposobami poruszania si\u0119.\n                <\/span>\n            <\/div>\n        <\/div>\n    <\/section><\/span><\/p>\n<h2><strong>Na co nale\u017cy zwr\u00f3ci\u0107 uwag\u0119?<\/strong><\/h2>\n<ol>\n<li>Nie wsz\u0119dzie musisz dojecha\u0107 autem. Spr\u00f3buj wybiera\u0107 sklepy lokalne.<\/li>\n<li>Pr\u00f3buj korzysta\u0107 z transportu publicznego, a je\u015bli nie jest to mo\u017cliwe, mo\u017ce nale\u017cy zdecydowa\u0107 si\u0119 na spacer lub rower &#8211; wtedy, kiedy to mo\u017cliwe.<\/li>\n<li>Staraj si\u0119 nie podr\u00f3\u017cowa\u0107 samochodem sam. Mniejszy \u015blad w\u0119glowy zostawisz wtedy, gdy auto b\u0119dzie pe\u0142ne pasa\u017cer\u00f3w.<\/li>\n<li>Wybierz taki model pojazdu, kt\u00f3ry oszcz\u0119dnie korzysta z zasob\u00f3w, nie jest zbyt du\u017cy, a jego produkcja i utylizacja w jak najmniejszym stopniu b\u0119d\u0105 przyczynia\u0142y si\u0119 do emisji gaz\u00f3w cieplarnianych.<\/li>\n<\/ol>\n<p><span style=\"font-weight: 400;\">\n    <section class=\"space-section-blog\">\n        <div class=\"featured-content featured-content--bg-grey\">\n            <div class=\"align-items-center featured-content__box\">\n                <div>\n                    <span class=\"featured-content__icon-rounded-arrow me-3\"><\/span>\n                <\/div>\n                <span class=\"text text--weight-semi-bold text--size-primari\">\n                    Pami\u0119tajmy, \u017ce ju\u017c w 2016 roku parlament europejski okre\u015bli\u0142, \u017ce samochody osobowe odpowiadaj\u0105 w ponad 60% za 72% ca\u0142ej emisji ruchu pojazd\u00f3w drogowych.\n                <\/span>\n            <\/div>\n        <\/div>\n    <\/section><\/span><\/p>\n<h2><strong>Co z eko samochodami? Czy rower nie zostawia \u015bladu w\u0119glowego?<\/strong><\/h2>\n<p>Niestety, zar\u00f3wno eko pojazdy, jaki rower w uj\u0119ciu ca\u0142o\u015bciowym zostawiaj\u0105 \u015blad w\u0119glowy. Cho\u0107 w pierwszym skojarzeniu oczywi\u015bcie rower jest najbardziej ekologicznym rozwi\u0105zaniem, to przy uj\u0119ciu ca\u0142kowitego \u015bladu w\u0119glowego, czyli powstaniu i utylizacji, pozostawia r\u00f3wnie\u017c taki odcisk. Oczywi\u015bcie nadal jest on niepor\u00f3wnywalnie mniejszy od jakiegokolwiek pojazdu, ale warto pami\u0119ta\u0107, \u017ce ca\u0142kowity \u015blad w\u0119glowy naliczamy od produkcji do zako\u0144czenia korzystania z pojazdu. Naturalnie nie nale\u017cy to popada\u0107 w skrajno\u015bci i nie zauwa\u017cy\u0107 daleko wi\u0119kszej produkcji ca\u0142kowitego \u015bladu w\u0119glowego wszystkich innych pojazd\u00f3w mechanicznych, o kt\u00f3rych pisali\u015bmy wcze\u015bniej. Okazuje si\u0119, \u017ce najbardziej eko decyzj\u0119 podejmiemy wtedy, gdy zdecydujemy si\u0119 na podr\u00f3\u017c rowerem, metrem albo autobusem, a na kolejnym miejscu mamy w\u0142a\u015bnie samochodu elektryczne, dopiero p\u00f3\u017aniej auta z silnikiem diesla.<\/p>\n<p>Nadal jednak nie wszyscy przekonani s\u0105 do rozwi\u0105za\u0144 eco, w tym pojazd\u00f3w elektrycznych. Tu warto zwr\u00f3ci\u0107 uwag\u0119 na nasze wybory konsumenckie w momencie gdy decydujemy si\u0119 na nowy pojazd, \u015bwiadomo\u015b\u0107 konsekwencji i to, co w sumie chyba najtrudniejsze, czyli przyzwyczajenia. International Council on Clean Transportation (ICCT) przeanalizowa\u0142 ostatnio, kt\u00f3re z aut pozostawiaj\u0105 po sobie najwi\u0119ksze \u015blady. Zwr\u00f3cono uwag\u0119 tym razem r\u00f3wnie\u017c na pojazdy elektryczne, wodorowe, a tak\u017ce hybrydowe. Warto podkre\u015bli\u0107, \u017ce auta hybrydowe staj\u0105 si\u0119 coraz bardziej popularne, ale redukuj\u0105 emisj\u0119 spalin jedynie o 20%.<\/p>\n<p>Najlepiej w por\u00f3wnaniu wypad\u0142y pojazdy w przypadku tak zwanego niebieskiego wodoru emisj\u0119 gaz\u00f3w cieplarnianych zmniejszy\u0142y si\u0119 o 68% w stosunku do tradycyjnych pojazd\u00f3w osobowych. W por\u00f3wnaniu zwr\u00f3cono uwag\u0119 r\u00f3wnie\u017c na zielony wod\u00f3r, kt\u00f3ry zmniejsza produkcj\u0119 gaz\u00f3w o oko\u0142o 78% w stosunku do zwyk\u0142ych samochod\u00f3w.<\/p>\n<p><span style=\"font-weight: 400;\">\n    <section class=\"space-section-blog\">\n        <div class=\"featured-content featured-content--bg-grey\">\n            <div class=\"align-items-center featured-content__box\">\n                <div>\n                    <span class=\"featured-content__icon-rounded-arrow me-3\"><\/span>\n                <\/div>\n                <span class=\"text text--weight-semi-bold text--size-primari\">\n                    Czy maj\u0105c t\u0119 wiedz\u0119 ch\u0119tni zdecydujesz si\u0119 na zakup eko pojazdu? Przemy\u015bl, jak Twoje decyzje mog\u0105 wp\u0142yn\u0105\u0107 na Twoj\u0105 rodzin\u0119 w ci\u0105gu najbli\u017cszych lat.\n                <\/span>\n            <\/div>\n        <\/div>\n    <\/section><\/span><\/p>\n<h2><strong>Kupi\u0142e\u015b auto i chce je ubezpieczy\u0107? <\/strong><\/h2>\n<p>W Beesafe wyliczenia dokonujemy ca\u0142kowicie online, dlatego nie musisz niczego drukowa\u0107, a samo potwierdzenie posiadania obowi\u0105zkowego ubezpieczenia komunikacyjnego mo\u017cesz przechowywa\u0107 w formie elektronicznej. To nasze dzia\u0142ania paperless, dzi\u0119ki kt\u00f3remu nie musisz ju\u017c korzysta\u0107 z drukarki, a do portalu klienta Beesafe mo\u017cesz zalogowa\u0107 si\u0119 samodzielnie o dowolnej porze i dokona\u0107 zakup\u00f3w lub zmian w polisie.<\/p>\n<p><strong>\u017ar\u00f3d\u0142a:<\/strong><\/p>\n<p>1.Rabiega, W. P., &amp; Sikora, P. (2020). https:\/\/www.teraz-srodowisko.pl\/media\/pdf\/aktualnosci\/9504-analiza-emisje-transport.pdf<br \/>\n2. <a href=\"https:\/\/theicct.org\" rel=\"nofollow noopener\" target=\"_blank\">https:\/\/theicct.org<\/a><br \/>\n3. dr Micha\u0142 Czepkiewicz Co to jest s\u0301lad we\u0328glowy i jak moz\u0307na go zmniejszac\u0301 w z\u0307yciu codziennym i uniwersyteckim? http:\/\/www.garden.uw.edu.pl\/__data\/assets\/pdf_file\/0015\/11616\/Co-to-jest-slad-weglowy-i-jak-mozna-go-zmniejszac-w-zyciu-codziennym-i-uniwersyteckim.pdf<\/p>\n","protected":false},"excerpt":{"rendered":"<p>Emisj\u0119 gaz\u00f3w cieplarnianych mo\u017cemy z grubsza podzieli\u0107 na te, kt\u00f3re powstaj\u0105 samoistnie naszej planecie oraz te, do kt\u00f3rych powstania przyczyni\u0142 si\u0119 cz\u0142owiek. W ramach dzia\u0142a\u0144 cz\u0142owieka mo\u017cemy wyr\u00f3\u017cni\u0107: spalanie paliw kopalnianych, hodowl\u0119 byd\u0142a oraz na przyk\u0142ad stosowanie nawoz\u00f3w sztucznych. W przypadku samochod\u00f3w osobowych m\u00f3wi\u0105c o ca\u0142kowitym \u015bladzie w\u0119glowym nale\u017cy bra\u0107 pod uwag\u0119 nie tylko to, [&hellip;]<\/p>\n","protected":false},"author":12,"featured_media":10775,"comment_status":"open","ping_status":"closed","sticky":false,"template":"","format":"standard","meta":{"_acf_changed":false,"inline_featured_image":false,"footnotes":""},"categories":[33],"tags":[],"class_list":["post-10774","post","type-post","status-publish","format-standard","has-post-thumbnail","hentry","category-beesafe"],"acf":[],"_links":{"self":[{"href":"https:\/\/beesafe.pl\/porady\/wp-json\/wp\/v2\/posts\/10774","targetHints":{"allow":["GET"]}}],"collection":[{"href":"https:\/\/beesafe.pl\/porady\/wp-json\/wp\/v2\/posts"}],"about":[{"href":"https:\/\/beesafe.pl\/porady\/wp-json\/wp\/v2\/types\/post"}],"author":[{"embeddable":true,"href":"https:\/\/beesafe.pl\/porady\/wp-json\/wp\/v2\/users\/12"}],"replies":[{"embeddable":true,"href":"https:\/\/beesafe.pl\/porady\/wp-json\/wp\/v2\/comments?post=10774"}],"version-history":[{"count":1,"href":"https:\/\/beesafe.pl\/porady\/wp-json\/wp\/v2\/posts\/10774\/revisions"}],"predecessor-version":[{"id":17319,"href":"https:\/\/beesafe.pl\/porady\/wp-json\/wp\/v2\/posts\/10774\/revisions\/17319"}],"wp:featuredmedia":[{"embeddable":true,"href":"https:\/\/beesafe.pl\/porady\/wp-json\/wp\/v2\/media\/10775"}],"wp:attachment":[{"href":"https:\/\/beesafe.pl\/porady\/wp-json\/wp\/v2\/media?parent=10774"}],"wp:term":[{"taxonomy":"category","embeddable":true,"href":"https:\/\/beesafe.pl\/porady\/wp-json\/wp\/v2\/categories?post=10774"},{"taxonomy":"post_tag","embeddable":true,"href":"https:\/\/beesafe.pl\/porady\/wp-json\/wp\/v2\/tags?post=10774"}],"curies":[{"name":"wp","href":"https:\/\/api.w.org\/{rel}","templated":true}]}}