{"id":7962,"date":"2020-11-12T12:25:16","date_gmt":"2020-11-12T11:25:16","guid":{"rendered":"https:\/\/wp-dev-2.beesafe.pl\/?p=7962"},"modified":"2025-07-17T15:22:00","modified_gmt":"2025-07-17T14:22:00","slug":"ubezpieczenie-oc-na-pol-roku","status":"publish","type":"post","link":"https:\/\/beesafe.pl\/porady\/ubezpieczenie-oc-na-pol-roku\/","title":{"rendered":"Ubezpieczenie OC na p\u00f3\u0142 roku."},"content":{"rendered":"<p><b>Ubezpieczenie OC na p\u00f3\u0142 roku dla samochodu czy motocykla to marzenie szczeg\u00f3lnie tych kierowc\u00f3w, kt\u00f3rzy u\u017cywaj\u0105 swoje pojazdy sezonowo. Ale czy da si\u0119 na tak zrobi\u0107 z obowi\u0105zkow\u0105 polis\u0105? I kiedy? Wyja\u015bniamy w naszym poradniku.<\/b><\/p>\n<p><span style=\"font-weight: 400;\">My\u015blisz o OC komunikacyjnym i od razu masz w g\u0142owie umow\u0119 na 12 miesi\u0119cy. W ko\u0144cu tak stanowi prawo, a konkretnie art. 26 ustawy O ubezpieczeniach obowi\u0105zkowych. Ale uwaga \u2013 s\u0105 od tego przepisu wyj\u0105tki, kt\u00f3re dopuszczaj\u0105 zawarcie kr\u00f3tkoterminowej umowy.\u00a0<\/span><\/p>\n<h2><b>Ubezpieczenie OC na p\u00f3\u0142 roku \u2013 kiedy jest taka opcja?\u00a0<\/b><\/h2>\n<p><span style=\"font-weight: 400;\">O tym, kiedy mo\u017cliwe jest zawarcie <a href=\"https:\/\/beesafe.pl\/porady\/oc-na-miesiac-krotkoterminowe\/\">kr\u00f3tkoterminowej umowy OC<\/a>, tak\u017ce decyduje wspomniana ju\u017c ustawa o Ubezpieczeniach obowi\u0105zkowych, a dok\u0142adnie art. 27. Zgodnie z nim OC na mniej ni\u017c 12 miesi\u0119cy mog\u0105 kupi\u0107 posiadacze pojazd\u00f3w:<\/span><\/p>\n<ul>\n<li style=\"font-weight: 400;\"><span style=\"font-weight: 400;\">historycznych,\u00a0<\/span><\/li>\n<li style=\"font-weight: 400;\"><span style=\"font-weight: 400;\">zarejestrowanych czasowo,<\/span><\/li>\n<li style=\"font-weight: 400;\"><span style=\"font-weight: 400;\">zarejestrowanych za granic\u0105 i sprowadzonych do Polski (tylko wtedy, gdy poprzedni w\u0142a\u015bciciel nie mia\u0142 OC lub nie mo\u017cna by\u0142o wyda\u0107 Zielonej Karty),\u00a0<\/span><\/li>\n<li style=\"font-weight: 400;\"><span style=\"font-weight: 400;\">wolnobie\u017cnych, czyli tych, kt\u00f3re nie przekraczaj\u0105 pr\u0119dko\u015bci 25 km\/h (poza rolniczymi),<\/span><\/li>\n<li style=\"font-weight: 400;\"><span style=\"font-weight: 400;\">przeznaczonych do jazd testowych,<\/span><\/li>\n<li style=\"font-weight: 400;\"><span style=\"font-weight: 400;\">zarejestrowanych na sta\u0142e przez komisy lub inne podmioty zajmuj\u0105ce si\u0119 sprzeda\u017c\u0105 pojazd\u00f3w.\u00a0<\/span><\/li>\n<\/ul>\n<h2><b>OC kr\u00f3tkoterminowe \u2013 ile kosztuje i na jak d\u0142ugo?<\/b><\/h2>\n<p><span style=\"font-weight: 400;\"><a href=\"https:\/\/beesafe.pl\/ubezpieczenie-oc\/\">Ubezpieczenie OC<\/a> na p\u00f3\u0142 roku, 3 miesi\u0105ce\u00a0 czy 30 dni nie ma sta\u0142ej ceny. Te najkr\u00f3tsze kosztuj\u0105 ok. 100 z\u0142. Jak przy ka\u017cdym ubezpieczeniu decyduj\u0105 taryfikatory ubezpieczyciela i indywidualne cechy ubezpieczonego oraz parametry jego wozu. Czyli dzieje si\u0119 dok\u0142adnie tak, jak w przypadku rocznej polisy OC.\u00a0<\/span><\/p>\n<p><span style=\"font-weight: 400;\">Zastanawiasz si\u0119, czy s\u0105 jakie\u015b standardy czasowe obowi\u0105zuj\u0105ce w przypadku OC kr\u00f3tkoterminowego? Tak, z ustawy wynikaj\u0105 minimalne okresy trwania kr\u00f3tkich polis obowi\u0105zkowych. Tylko w przypadku pojazd\u00f3w wolnobie\u017cnych najkr\u00f3tszy, mo\u017cliwy czas zawarcia OC to 3 miesi\u0105ce. W przypadku pozosta\u0142ych pojazd\u00f3w &#8222;minimalka&#8221; wynosi 30 dni.\u00a0<\/span><\/p>\n<p><span style=\"font-weight: 400;\">I uwaga \u2013 OC kr\u00f3tkoterminowe automatycznie si\u0119 nie przed\u0142u\u017ca. To szczeg\u00f3lnie wa\u017cna informacja dla tych, kt\u00f3rzy kupuj\u0105 pojazd w komisie z kr\u00f3tkim OC.<\/span><\/p>\n<h2><b>Kiedy OC na p\u00f3\u0142 roku jest niemo\u017cliwe?<\/b><\/h2>\n<p><span style=\"font-weight: 400;\">Wielu kierowc\u00f3w, kt\u00f3rzy sprawdzaj\u0105, czy jest mo\u017cliwe ubezpieczenie OC na p\u00f3\u0142 roku, robi to jednak z zupe\u0142nie innych powod\u00f3w, ni\u017c dopuszczone ustawowo okoliczno\u015bci. Poni\u017cej przyk\u0142ady takich sytuacji.<\/span><\/p>\n<ol>\n<li style=\"font-weight: 400;\"><span style=\"font-weight: 400;\">U\u017cywasz samochodu lub motocykla tylko w okre\u015blonych porach roku, np. jedynie w sezonie wiosenno-letnim.\u00a0<\/span><\/li>\n<li style=\"font-weight: 400;\"><span style=\"font-weight: 400;\">Planujesz za par\u0119 miesi\u0119cy sprzeda\u0107 sw\u00f3j pojazd, wi\u0119c nie potrzebujesz 12-miesi\u0119cznego OC.\u00a0<\/span><\/li>\n<li style=\"font-weight: 400;\"><span style=\"font-weight: 400;\">Twoja maszyna jest w naprawie i potrwa ona przynajmniej miesi\u0105c. W tym czasie auto stoi nieu\u017cywane.\u00a0<\/span><\/li>\n<\/ol>\n<p><span style=\"font-weight: 400;\">We wszystkich trzech przypadkach nie masz opcji, by kupi\u0107 ubezpieczenie OC na p\u00f3\u0142 roku czy inny kr\u00f3tki termin. Obowi\u0105zuje ci\u0119 ca\u0142oroczna polisa, a za jej brak lub przerw\u0119 w ochronie grozi ci kara z UFG (wi\u0119cej o karach z UFG piszemy w artykule &#8222;<a href=\"https:\/\/beesafe.pl\/porady\/kary-za-brak-oc\/\">Kary za brak OC<\/a>&#8221; ).\u00a0<\/span><\/p>\n<h2><b>OC na raty w miejsce kr\u00f3tkotermin\u00f3wki\u00a0<\/b><\/h2>\n<p><span style=\"font-weight: 400;\">Mamy jednak podpowied\u017a, jak mie\u0107 np. ubezpieczenie OC na p\u00f3\u0142 roku przy planowanej sprzeda\u017cy auta. Wyj\u015bciem jest zakup obowi\u0105zkowej polisy na raty. W praktyce dzia\u0142a to tak, \u017ce wykupujesz 12-miesi\u0119czne OC i dzielisz p\u0142atno\u015b\u0107. P\u0142acisz pierwsze raty, sprzedajesz pojazd przed up\u0142ywem okresu, za kt\u00f3ry zap\u0142aci\u0142e\u015b sk\u0142adki i kolejnych ju\u017c nie uiszczasz. Za to informujesz swoje towarzystwo o tym, \u017ce nie jeste\u015b ju\u017c w\u0142a\u015bcicielem danego pojazdu. Wszelkie formalno\u015bci i obowi\u0105zki zwi\u0105zane z tym OC oraz ratami przechodz\u0105 na nabywc\u0119.\u00a0<\/span><\/p>\n<h2><b>Ubezpieczenie OC na p\u00f3\u0142 roku dla motocykli<\/b><\/h2>\n<p><span style=\"font-weight: 400;\">S\u0105 kraje, gdzie OC mo\u017cna kupi\u0107 nawet na kilka dni. Wi\u0119c tym bardziej mo\u017cliwe jest ubezpieczenie OC na\u00a0 p\u00f3\u0142 roku. Z takiej opcji ch\u0119tnie korzystaj\u0105 posiadacze jedno\u015blad\u00f3w, dla kt\u00f3rych sezon \u201eje\u017adziecki\u201d cz\u0119sto trwa tylko kilka miesi\u0119cy.\u00a0<\/span><\/p>\n<p><span style=\"font-weight: 400;\">Tak\u017ce w Polsce od czasu do czasu o\u017cywaj\u0105 dyskusje, by OC na motocykl nie by\u0142o p\u0142atne ca\u0142y rok. Postuluje si\u0119 w nich, by obok ca\u0142orocznej obowi\u0105zkowej polisy, by\u0142y dopuszczalne opcje kwartalnego lub p\u00f3\u0142rocznego ubezpieczenia. Na razie jednak to tylko przedmiot dyskusji fan\u00f3w motoryzacji.\u00a0<\/span><\/p>\n<p><strong>PODSUMOWANIE:<\/strong><\/p>\n<ol>\n<li style=\"font-weight: 400;\"><span style=\"font-weight: 400;\">Zgodnie z prawem OC standardowo kupuje si\u0119 na 12 miesi\u0119cy. Mo\u017cliwe s\u0105 jednak polisy kr\u00f3tkoterminowe, kt\u00f3re mo\u017cesz zawrze\u0107 na minimum 30 dni (lub 3 miesi\u0105ce w przypadku pojazd\u00f3w wolnobie\u017cnych).\u00a0<\/span><\/li>\n<li style=\"font-weight: 400;\"><span style=\"font-weight: 400;\">Ubezpieczenie OC na p\u00f3\u0142 roku lub inny wariant kr\u00f3tkoterminowy tej polisy nie przed\u0142u\u017ca si\u0119 automatycznie.<\/span><\/li>\n<li style=\"font-weight: 400;\"><span style=\"font-weight: 400;\">Ubezpieczenie OC kr\u00f3tkoterminowe dotyczy konkretnych sytuacji, wymienionych w ustawie.\u00a0\u00a0<\/span><\/li>\n<\/ol>\n<p><script type=\"application\/ld+json\">\n{\n  \"@context\": \"https:\/\/schema.org\",\n  \"@type\": \"FAQPage\",\n  \"mainEntity\": [{\n    \"@type\": \"Question\",\n    \"name\": \"OC kr\u00f3tkoterminowe \u2013 ile kosztuje i na jak d\u0142ugo?\",\n    \"acceptedAnswer\": {\n      \"@type\": \"Answer\",\n      \"text\": \"Zastanawiasz si\u0119, czy s\u0105 jakie\u015b standardy czasowe obowi\u0105zuj\u0105ce w przypadku OC kr\u00f3tkoterminowego? Tak, z ustawy wynikaj\u0105 minimalne okresy trwania kr\u00f3tkich polis obowi\u0105zkowych. Tylko w przypadku pojazd\u00f3w wolnobie\u017cnych najkr\u00f3tszy, mo\u017cliwy czas zawarcia OC to 3 miesi\u0105ce. W przypadku pozosta\u0142ych pojazd\u00f3w \\\"minimalka\\\" wynosi 30 dni.\"\n    }\n  },{\n    \"@type\": \"Question\",\n    \"name\": \"Kiedy OC na p\u00f3\u0142 roku jest niemo\u017cliwe?\",\n    \"acceptedAnswer\": {\n      \"@type\": \"Answer\",\n      \"text\": \"Je\u017celi:\nU\u017cywasz samochodu lub motocykla tylko w okre\u015blonych porach roku, np. jedynie w sezonie wiosenno-letnim.\u00a0\nPlanujesz za par\u0119 miesi\u0119cy sprzeda\u0107 sw\u00f3j pojazd, wi\u0119c nie potrzebujesz 12-miesi\u0119cznego OC.\u00a0\nTwoja maszyna jest w naprawie i potrwa ona przynajmniej miesi\u0105c. W tym czasie auto stoi nieu\u017cywane.\"\n    }\n  },{\n    \"@type\": \"Question\",\n    \"name\": \"OC na raty w miejsce kr\u00f3tkotermin\u00f3wki\",\n    \"acceptedAnswer\": {\n      \"@type\": \"Answer\",\n      \"text\": \"Wyj\u015bciem jest zakup obowi\u0105zkowej polisy na raty. W praktyce dzia\u0142a to tak, \u017ce wykupujesz 12-miesi\u0119czne OC i dzielisz p\u0142atno\u015b\u0107. P\u0142acisz pierwsze raty, sprzedajesz pojazd przed up\u0142ywem okresu, za kt\u00f3ry zap\u0142aci\u0142e\u015b sk\u0142adki i kolejnych ju\u017c nie uiszczasz. Za to informujesz swoje towarzystwo o tym, \u017ce nie jeste\u015b ju\u017c w\u0142a\u015bcicielem danego pojazdu. Wszelkie formalno\u015bci i obowi\u0105zki zwi\u0105zane z tym OC oraz ratami przechodz\u0105 na nabywc\u0119.\"\n    }\n  }]\n}\n<\/script><\/p>\n","protected":false},"excerpt":{"rendered":"<p>Ubezpieczenie OC na p\u00f3\u0142 roku dla samochodu czy motocykla to marzenie szczeg\u00f3lnie tych kierowc\u00f3w, kt\u00f3rzy u\u017cywaj\u0105 swoje pojazdy sezonowo. Ale czy da si\u0119 na tak zrobi\u0107 z obowi\u0105zkow\u0105 polis\u0105? I kiedy? Wyja\u015bniamy w naszym poradniku. My\u015blisz o OC komunikacyjnym i od razu masz w g\u0142owie umow\u0119 na 12 miesi\u0119cy. W ko\u0144cu tak stanowi prawo, a [&hellip;]<\/p>\n","protected":false},"author":8,"featured_media":7963,"comment_status":"open","ping_status":"closed","sticky":false,"template":"","format":"standard","meta":{"_acf_changed":false,"inline_featured_image":false,"footnotes":""},"categories":[2],"tags":[41],"class_list":["post-7962","post","type-post","status-publish","format-standard","has-post-thumbnail","hentry","category-pojazd","tag-ubezpieczenie-oc"],"acf":[],"_links":{"self":[{"href":"https:\/\/beesafe.pl\/porady\/wp-json\/wp\/v2\/posts\/7962","targetHints":{"allow":["GET"]}}],"collection":[{"href":"https:\/\/beesafe.pl\/porady\/wp-json\/wp\/v2\/posts"}],"about":[{"href":"https:\/\/beesafe.pl\/porady\/wp-json\/wp\/v2\/types\/post"}],"author":[{"embeddable":true,"href":"https:\/\/beesafe.pl\/porady\/wp-json\/wp\/v2\/users\/8"}],"replies":[{"embeddable":true,"href":"https:\/\/beesafe.pl\/porady\/wp-json\/wp\/v2\/comments?post=7962"}],"version-history":[{"count":1,"href":"https:\/\/beesafe.pl\/porady\/wp-json\/wp\/v2\/posts\/7962\/revisions"}],"predecessor-version":[{"id":17554,"href":"https:\/\/beesafe.pl\/porady\/wp-json\/wp\/v2\/posts\/7962\/revisions\/17554"}],"wp:featuredmedia":[{"embeddable":true,"href":"https:\/\/beesafe.pl\/porady\/wp-json\/wp\/v2\/media\/7963"}],"wp:attachment":[{"href":"https:\/\/beesafe.pl\/porady\/wp-json\/wp\/v2\/media?parent=7962"}],"wp:term":[{"taxonomy":"category","embeddable":true,"href":"https:\/\/beesafe.pl\/porady\/wp-json\/wp\/v2\/categories?post=7962"},{"taxonomy":"post_tag","embeddable":true,"href":"https:\/\/beesafe.pl\/porady\/wp-json\/wp\/v2\/tags?post=7962"}],"curies":[{"name":"wp","href":"https:\/\/api.w.org\/{rel}","templated":true}]}}